{"id":162509,"date":"2015-04-28T12:38:44","date_gmt":"2015-04-28T12:38:44","guid":{"rendered":""},"modified":"2016-04-25T00:00:00","modified_gmt":"2016-04-25T00:00:00","slug":"prawo-agaty-koniec-emisji-serialu","status":"publish","type":"post","link":"https:\/\/casting.wroc.pl\/ru\/prawo-agaty-koniec-emisji-serialu\/","title":{"rendered":"&#171;Prawo Agaty&#187; koniec emisji serialu."},"content":{"rendered":"<p>\u00a0<\/p>\n<p>Wielu aktor\u00f3w reprezentowanych przez Agencj\u0119 Edwin Film zagra\u0142o  w  popularnym i ciesz\u0105cym si\u0119 wielkim powodzeniem serialu &#171;Prawo Agaty&#187; w  re\u017cyserii Macieja Migasa, Patricka Yoki,\u00a0 Filipa Zylbera, Jacka Borcucha i Xawerego \u017bu\u0142awskiego.<br \/>\nW Warszawie w\u0142a\u015bnie zako\u0144czy\u0142y si\u0119 zdj\u0119cia do 7go i ostatniego sezonu uwielbianego przez widz\u00f3w serialu.<br \/>\nW ostatniej , 7 transzy serialu zagrali min aktorzy z naszej Agencji:  Ewa Szumska, Przemys\u0142aw Sejmicki, Jaros\u0142aw Kostrzewa, Cyran Arkadiusz,  Katarzyna Bednarz, Jolanta Juszkiewicz, Dariusz Sosi\u0144ski, Zbigniew Lesie\u0144,  Wojciech Masacz, Krzysztof Pra\u0142at, Bogdan Ferenc, Piotr  Pilitowski, Wies\u0142aw S\u0142awik, Maksymilian Cero\u0144, Dorota Ignatjew, Tomasz  W\u0142osok, Grzegorz Wojdon, Andrzej Olejnik, Czes\u0142aw Skwarek, Agata  Za\u0142\u0119cka, Jerzy Senator, Maciej Tomaszewski, Artur Pier\u015bci\u0144ski, Izabela  Burska, Adrian Wi\u015bniewski i inni.<\/p>\n<p>Ostatni, 13. odcinek serialu zostanie wyemitowany we wtorek, 26 maja 2015 r. o godz. 21:30 w TVN.<br \/>\nJesieni\u0105 2015 w miejscu &#171;Prawa Agaty&#187; maj\u0105 pojawi\u0107 si\u0119 nowe seriale produkowane przez Telewizj\u0119  TVN.<\/p>\n","protected":false},"excerpt":{"rendered":"<p>\u00a0 Wielu aktor\u00f3w reprezentowanych przez Agencj\u0119 Edwin Film zagra\u0142o w popularnym i ciesz\u0105cym si\u0119 wielkim powodzeniem serialu &#171;Prawo Agaty&#187; w re\u017cyserii Macieja Migasa, Patricka Yoki,\u00a0 Filipa Zylbera, Jacka Borcucha i Xawerego \u017bu\u0142awskiego. W Warszawie w\u0142a\u015bnie zako\u0144czy\u0142y si\u0119 zdj\u0119cia do 7go i ostatniego sezonu uwielbianego przez widz\u00f3w serialu. W ostatniej , 7 transzy serialu zagrali min [&hellip;]<\/p>\n","protected":false},"author":4,"featured_media":146895,"comment_status":"closed","ping_status":"closed","sticky":false,"template":"","format":"standard","meta":[],"categories":[],"tags":[],"acf":[],"_links":{"self":[{"href":"https:\/\/casting.wroc.pl\/ru\/wp-json\/wp\/v2\/posts\/162509"}],"collection":[{"href":"https:\/\/casting.wroc.pl\/ru\/wp-json\/wp\/v2\/posts"}],"about":[{"href":"https:\/\/casting.wroc.pl\/ru\/wp-json\/wp\/v2\/types\/post"}],"author":[{"embeddable":true,"href":"https:\/\/casting.wroc.pl\/ru\/wp-json\/wp\/v2\/users\/4"}],"replies":[{"embeddable":true,"href":"https:\/\/casting.wroc.pl\/ru\/wp-json\/wp\/v2\/comments?post=162509"}],"version-history":[{"count":0,"href":"https:\/\/casting.wroc.pl\/ru\/wp-json\/wp\/v2\/posts\/162509\/revisions"}],"wp:featuredmedia":[{"embeddable":true,"href":"https:\/\/casting.wroc.pl\/ru\/wp-json\/wp\/v2\/media\/146895"}],"wp:attachment":[{"href":"https:\/\/casting.wroc.pl\/ru\/wp-json\/wp\/v2\/media?parent=162509"}],"wp:term":[{"taxonomy":"category","embeddable":true,"href":"https:\/\/casting.wroc.pl\/ru\/wp-json\/wp\/v2\/categories?post=162509"},{"taxonomy":"post_tag","embeddable":true,"href":"https:\/\/casting.wroc.pl\/ru\/wp-json\/wp\/v2\/tags?post=162509"}],"curies":[{"name":"wp","href":"https:\/\/api.w.org\/{rel}","templated":true}]}}