{"id":162416,"date":"2013-06-10T10:03:21","date_gmt":"2013-06-10T10:03:21","guid":{"rendered":""},"modified":"2016-04-25T00:00:00","modified_gmt":"2016-04-25T00:00:00","slug":"fotograf-zakonczenie-zdjec-1","status":"publish","type":"post","link":"https:\/\/casting.wroc.pl\/ru\/fotograf-zakonczenie-zdjec-1\/","title":{"rendered":"&#171;Fotograf&#187;- zako\u0144czenie zdj\u0119\u0107."},"content":{"rendered":"<p>We Wroc\u0142awiu pad\u0142 ostatni klaps na planie filmu fabularnego &#171;Fotograf&#187; w re\u017cyserii Waldemara Krzystka, a tym samym zako\u0144czy\u0142y si\u0119 zdj\u0119cia do filmu realizowane w Polsce.<\/p>\n<p>Pierwsz\u0105 cz\u0119\u015b\u0107 zdj\u0119\u0107 realizowanych w Polsce\u00a0nakr\u0119cono ju\u017c we wrze\u015bniu 2012 r w Legnicy . Kolejna tura rozpoczn\u0119\u0142a \u00a0si\u0119 pod koniec kwietnia i trwa\u0142a do ko\u0144ca maja 2013 .\u00a0\u00a0 Akcja \u201eFotografa\u201d rozgrywa si\u0119 w dw\u00f3ch planach czasowych: wsp\u00f3\u0142cze\u015bnie oraz w latach 70.<\/p>\n<p>\u00a0<br \/>\nAutorami scenariusza filmu \u00a0s\u0105 Waldemar Krzystek i Krzysztof Kopka. Za zdj\u0119cia odpowiada Arkadiusz Tomiak. Do kin film powinien trafi\u0107 na prze\u0142omie 2013 i 2014 roku.<br \/>\nNajnowszy film Waldemara Krzystka (\u201cMa\u0142a Moskwa\u201d, \u201c80 milion\u00f3w\u201d, \u201cAnna German\u201d) to krymina\u0142. Historia\u00a0seryjnego mordercy dzia\u0142aj\u0105cego we wsp\u00f3\u0142czesnej Moskwie. Nieuchwytny sprawca zostawia na miejscu zbrodni, wzorem technik\u00f3w policyjnych, kartoniki z numerami. Trop prowadzi do by\u0142ego garnizonu Armii Radzieckiej w Legnicy, do mrocznych wydarze\u0144 z lat 70. W dochodzeniu bierze udzia\u0142 m\u0142oda milicjantka Natasza, jedyna dotychczas osoba, kt\u00f3ra rozmawia\u0142a osobi\u015bcie z tytu\u0142owym \u201cFotografem\u201d i\u2026 prze\u017cy\u0142a. W rolach g\u0142\u00f3nych w filmie zagrali: Tomasz Kot, Sonia Bogosiewicz, Agata Buzek,Tatiana Arngolc, Aljona Babienko, Aleksander Ba\u0142ujew, Nodari D\u017canelidze, Dymitrij Uljanow i Artiom Tkaczenko, Artur Chamski i inni.<br \/>\nW zdj\u0119ciach do filmu wzi\u0119li udzia\u0142 Aktorzy oraz Staty\u015bci reprezentowani przez Agencj\u0119 Edwin Film. Wszystkim serdecznie dzi\u0119kujemy za owocn\u0105 wsp\u00f3\u0142prac\u0119, wysok\u0105 kultur\u0119 osobist\u0105 oraz zaanga\u017cowanie w trakcie realizacji zdj\u0119c.<\/p>\n","protected":false},"excerpt":{"rendered":"<p>We Wroc\u0142awiu pad\u0142 ostatni klaps na planie filmu fabularnego &#171;Fotograf&#187; w re\u017cyserii Waldemara Krzystka, a tym samym zako\u0144czy\u0142y si\u0119 zdj\u0119cia do filmu realizowane w Polsce. Pierwsz\u0105 cz\u0119\u015b\u0107 zdj\u0119\u0107 realizowanych w Polsce\u00a0nakr\u0119cono ju\u017c we wrze\u015bniu 2012 r w Legnicy . Kolejna tura rozpoczn\u0119\u0142a \u00a0si\u0119 pod koniec kwietnia i trwa\u0142a do ko\u0144ca maja 2013 .\u00a0\u00a0 Akcja \u201eFotografa\u201d [&hellip;]<\/p>\n","protected":false},"author":4,"featured_media":147102,"comment_status":"closed","ping_status":"closed","sticky":false,"template":"","format":"standard","meta":[],"categories":[],"tags":[],"acf":[],"_links":{"self":[{"href":"https:\/\/casting.wroc.pl\/ru\/wp-json\/wp\/v2\/posts\/162416"}],"collection":[{"href":"https:\/\/casting.wroc.pl\/ru\/wp-json\/wp\/v2\/posts"}],"about":[{"href":"https:\/\/casting.wroc.pl\/ru\/wp-json\/wp\/v2\/types\/post"}],"author":[{"embeddable":true,"href":"https:\/\/casting.wroc.pl\/ru\/wp-json\/wp\/v2\/users\/4"}],"replies":[{"embeddable":true,"href":"https:\/\/casting.wroc.pl\/ru\/wp-json\/wp\/v2\/comments?post=162416"}],"version-history":[{"count":0,"href":"https:\/\/casting.wroc.pl\/ru\/wp-json\/wp\/v2\/posts\/162416\/revisions"}],"wp:featuredmedia":[{"embeddable":true,"href":"https:\/\/casting.wroc.pl\/ru\/wp-json\/wp\/v2\/media\/147102"}],"wp:attachment":[{"href":"https:\/\/casting.wroc.pl\/ru\/wp-json\/wp\/v2\/media?parent=162416"}],"wp:term":[{"taxonomy":"category","embeddable":true,"href":"https:\/\/casting.wroc.pl\/ru\/wp-json\/wp\/v2\/categories?post=162416"},{"taxonomy":"post_tag","embeddable":true,"href":"https:\/\/casting.wroc.pl\/ru\/wp-json\/wp\/v2\/tags?post=162416"}],"curies":[{"name":"wp","href":"https:\/\/api.w.org\/{rel}","templated":true}]}}