{"id":162415,"date":"2013-08-05T09:25:05","date_gmt":"2013-08-05T09:25:05","guid":{"rendered":""},"modified":"2016-04-25T00:00:00","modified_gmt":"2016-04-25T00:00:00","slug":"stanislaw-melski-w-prawie-agaty-1","status":"publish","type":"post","link":"https:\/\/casting.wroc.pl\/ru\/stanislaw-melski-w-prawie-agaty-1\/","title":{"rendered":"Stanis\u0142aw Melski w Prawie Agaty."},"content":{"rendered":"<p>\u00a0<\/p>\n<p>Stanis\u0142aw Melski-Aktor teatru Polskiego we Wroc\u0142awiu, wcieli\u0142 si\u0119 w rol\u0119 Kapitana, w najnowszej sesji zdj\u0119ciowej\u00a0 serialu &#171;Prawo Agaty&#187;.<br \/>\nZdj\u0119cia odbywaj\u0105 si\u0119 w Polsce a tak\u017ce w Gruzji.<br \/>\nRe\u017cyserem serialu jest Maciej Migas a Producentem TVN SA. Premiera najnowszych odcink\u00f3w odb\u0119dzie si\u0119 jesieni\u0105 na antenie TVN.<\/p>\n","protected":false},"excerpt":{"rendered":"<p>\u00a0 Stanis\u0142aw Melski-Aktor teatru Polskiego we Wroc\u0142awiu, wcieli\u0142 si\u0119 w rol\u0119 Kapitana, w najnowszej sesji zdj\u0119ciowej\u00a0 serialu &#171;Prawo Agaty&#187;. Zdj\u0119cia odbywaj\u0105 si\u0119 w Polsce a tak\u017ce w Gruzji. Re\u017cyserem serialu jest Maciej Migas a Producentem TVN SA. Premiera najnowszych odcink\u00f3w odb\u0119dzie si\u0119 jesieni\u0105 na antenie TVN.<\/p>\n","protected":false},"author":4,"featured_media":147125,"comment_status":"closed","ping_status":"closed","sticky":false,"template":"","format":"standard","meta":[],"categories":[],"tags":[],"acf":[],"_links":{"self":[{"href":"https:\/\/casting.wroc.pl\/ru\/wp-json\/wp\/v2\/posts\/162415"}],"collection":[{"href":"https:\/\/casting.wroc.pl\/ru\/wp-json\/wp\/v2\/posts"}],"about":[{"href":"https:\/\/casting.wroc.pl\/ru\/wp-json\/wp\/v2\/types\/post"}],"author":[{"embeddable":true,"href":"https:\/\/casting.wroc.pl\/ru\/wp-json\/wp\/v2\/users\/4"}],"replies":[{"embeddable":true,"href":"https:\/\/casting.wroc.pl\/ru\/wp-json\/wp\/v2\/comments?post=162415"}],"version-history":[{"count":0,"href":"https:\/\/casting.wroc.pl\/ru\/wp-json\/wp\/v2\/posts\/162415\/revisions"}],"wp:featuredmedia":[{"embeddable":true,"href":"https:\/\/casting.wroc.pl\/ru\/wp-json\/wp\/v2\/media\/147125"}],"wp:attachment":[{"href":"https:\/\/casting.wroc.pl\/ru\/wp-json\/wp\/v2\/media?parent=162415"}],"wp:term":[{"taxonomy":"category","embeddable":true,"href":"https:\/\/casting.wroc.pl\/ru\/wp-json\/wp\/v2\/categories?post=162415"},{"taxonomy":"post_tag","embeddable":true,"href":"https:\/\/casting.wroc.pl\/ru\/wp-json\/wp\/v2\/tags?post=162415"}],"curies":[{"name":"wp","href":"https:\/\/api.w.org\/{rel}","templated":true}]}}