{"id":162399,"date":"2013-01-24T10:49:53","date_gmt":"2013-01-24T10:49:53","guid":{"rendered":""},"modified":"2016-04-25T00:00:00","modified_gmt":"2016-04-25T00:00:00","slug":"nasi-aktorzy-na-planie-glebokiej-wody-1","status":"publish","type":"post","link":"https:\/\/casting.wroc.pl\/ru\/nasi-aktorzy-na-planie-glebokiej-wody-1\/","title":{"rendered":"NASI AKTORZY NA PLANIE &#171;G\u0141\u0118BOKIEJ WODY&#187;"},"content":{"rendered":"<p>W ostatnich tygodniach w epizodycznych rolach w serialu TVP2 pt. &#171;G\u0142\u0119boka Woda&#187; pojawi\u0142y si\u0119 nasze aktorki Jagoda Pietruszk\u00f3wna (Teatr Ludowy w Krakowie), Marzena Oberkorn (wroc\u0142awski Teatr Komedia) oraz Aldona Struzik (Teatr Polski we Wroc\u0142awiu, wyk\u0142adowczyni wroc\u0142awskiej PWST) oraz aktorzy Miros\u0142aw Bednarek (Teatr im. Jana Kochanowskiego w Opolu), Dariusz Bereski i Dariusz Bronowicki.<br \/>\nNajnowsze odcinki wielokrotnie nagradzanego serialu Magdaleny \u0141azarkiewicz pojawi\u0105 si\u0119 na antenie TVP2 w drugiej po\u0142owie roku.<\/p>\n","protected":false},"excerpt":{"rendered":"<p>W ostatnich tygodniach w epizodycznych rolach w serialu TVP2 pt. &#171;G\u0142\u0119boka Woda&#187; pojawi\u0142y si\u0119 nasze aktorki Jagoda Pietruszk\u00f3wna (Teatr Ludowy w Krakowie), Marzena Oberkorn (wroc\u0142awski Teatr Komedia) oraz Aldona Struzik (Teatr Polski we Wroc\u0142awiu, wyk\u0142adowczyni wroc\u0142awskiej PWST) oraz aktorzy Miros\u0142aw Bednarek (Teatr im. Jana Kochanowskiego w Opolu), Dariusz Bereski i Dariusz Bronowicki. Najnowsze odcinki wielokrotnie [&hellip;]<\/p>\n","protected":false},"author":4,"featured_media":0,"comment_status":"closed","ping_status":"closed","sticky":false,"template":"","format":"standard","meta":[],"categories":[],"tags":[],"acf":[],"_links":{"self":[{"href":"https:\/\/casting.wroc.pl\/ru\/wp-json\/wp\/v2\/posts\/162399"}],"collection":[{"href":"https:\/\/casting.wroc.pl\/ru\/wp-json\/wp\/v2\/posts"}],"about":[{"href":"https:\/\/casting.wroc.pl\/ru\/wp-json\/wp\/v2\/types\/post"}],"author":[{"embeddable":true,"href":"https:\/\/casting.wroc.pl\/ru\/wp-json\/wp\/v2\/users\/4"}],"replies":[{"embeddable":true,"href":"https:\/\/casting.wroc.pl\/ru\/wp-json\/wp\/v2\/comments?post=162399"}],"version-history":[{"count":0,"href":"https:\/\/casting.wroc.pl\/ru\/wp-json\/wp\/v2\/posts\/162399\/revisions"}],"wp:attachment":[{"href":"https:\/\/casting.wroc.pl\/ru\/wp-json\/wp\/v2\/media?parent=162399"}],"wp:term":[{"taxonomy":"category","embeddable":true,"href":"https:\/\/casting.wroc.pl\/ru\/wp-json\/wp\/v2\/categories?post=162399"},{"taxonomy":"post_tag","embeddable":true,"href":"https:\/\/casting.wroc.pl\/ru\/wp-json\/wp\/v2\/tags?post=162399"}],"curies":[{"name":"wp","href":"https:\/\/api.w.org\/{rel}","templated":true}]}}