{"id":162374,"date":"2012-07-02T12:25:37","date_gmt":"2012-07-02T12:25:37","guid":{"rendered":""},"modified":"2016-04-25T00:00:00","modified_gmt":"2016-04-25T00:00:00","slug":"piotr-nerlewski-dolacza-do-obsady-serialu-pierwsza-milosc-1","status":"publish","type":"post","link":"https:\/\/casting.wroc.pl\/ru\/piotr-nerlewski-dolacza-do-obsady-serialu-pierwsza-milosc-1\/","title":{"rendered":"Piotr Nerlewski do\u0142\u0105cza do obsady serialu &#171;Pierwsza Mi\u0142o\u015b\u0107&#187;"},"content":{"rendered":"<p>Z rado\u015bci\u0105 informujemy, \u017ce reprezentowany przez Agencj\u0119 Aktorsk\u0105 Edwin Film student krakowskiej PWST Piotr Nerlewski ju\u017c wkr\u00f3tce wcieli si\u0119 w now\u0105 posta\u0107 w serialu &#171;Pierwsza Mi\u0142o\u015b\u0107&#187;! Piotrka (jako serialowego Fabiana) b\u0119dziecie mogli zobaczy\u0107 na ekranach swoich telewizor\u00f3w ju\u017c we wrze\u015bniu!<\/p>\n","protected":false},"excerpt":{"rendered":"<p>Z rado\u015bci\u0105 informujemy, \u017ce reprezentowany przez Agencj\u0119 Aktorsk\u0105 Edwin Film student krakowskiej PWST Piotr Nerlewski ju\u017c wkr\u00f3tce wcieli si\u0119 w now\u0105 posta\u0107 w serialu &#171;Pierwsza Mi\u0142o\u015b\u0107&#187;! Piotrka (jako serialowego Fabiana) b\u0119dziecie mogli zobaczy\u0107 na ekranach swoich telewizor\u00f3w ju\u017c we wrze\u015bniu!<\/p>\n","protected":false},"author":4,"featured_media":147029,"comment_status":"closed","ping_status":"closed","sticky":false,"template":"","format":"standard","meta":[],"categories":[],"tags":[],"acf":[],"_links":{"self":[{"href":"https:\/\/casting.wroc.pl\/ru\/wp-json\/wp\/v2\/posts\/162374"}],"collection":[{"href":"https:\/\/casting.wroc.pl\/ru\/wp-json\/wp\/v2\/posts"}],"about":[{"href":"https:\/\/casting.wroc.pl\/ru\/wp-json\/wp\/v2\/types\/post"}],"author":[{"embeddable":true,"href":"https:\/\/casting.wroc.pl\/ru\/wp-json\/wp\/v2\/users\/4"}],"replies":[{"embeddable":true,"href":"https:\/\/casting.wroc.pl\/ru\/wp-json\/wp\/v2\/comments?post=162374"}],"version-history":[{"count":0,"href":"https:\/\/casting.wroc.pl\/ru\/wp-json\/wp\/v2\/posts\/162374\/revisions"}],"wp:featuredmedia":[{"embeddable":true,"href":"https:\/\/casting.wroc.pl\/ru\/wp-json\/wp\/v2\/media\/147029"}],"wp:attachment":[{"href":"https:\/\/casting.wroc.pl\/ru\/wp-json\/wp\/v2\/media?parent=162374"}],"wp:term":[{"taxonomy":"category","embeddable":true,"href":"https:\/\/casting.wroc.pl\/ru\/wp-json\/wp\/v2\/categories?post=162374"},{"taxonomy":"post_tag","embeddable":true,"href":"https:\/\/casting.wroc.pl\/ru\/wp-json\/wp\/v2\/tags?post=162374"}],"curies":[{"name":"wp","href":"https:\/\/api.w.org\/{rel}","templated":true}]}}