{"id":162349,"date":"2011-11-09T13:25:07","date_gmt":"2011-11-09T13:25:07","guid":{"rendered":""},"modified":"2016-04-25T00:00:00","modified_gmt":"2016-04-25T00:00:00","slug":"anna-german-serial-dla-rosyjskiej-tv-1","status":"publish","type":"post","link":"https:\/\/casting.wroc.pl\/ru\/anna-german-serial-dla-rosyjskiej-tv-1\/","title":{"rendered":"&#171;Anna German&#187; serial dla rosyjskiej TV"},"content":{"rendered":"<p>W pa\u017adzierniku we Wroc\u0142awiu ekipa rosyjskiej telewizji realizowa\u0142a zdj\u0119cia do serialu &#171;Anna German&#187;. Wzi\u0119li w nich udzia\u0142 staty\u015bci\u00a0 z naszej Agencji wcielaj\u0105c si\u0119 w postaci student\u00f3w Politechniki, przechodni\u00f3w i \u00a0Profesor\u00f3w .<\/p>\n<p>\u00a0<br \/>\nJedn\u0105 z g\u0142\u00f3wnych r\u00f3l w serialu gra\u00a0 reprezentowany przez nas aktor Wojtek Rusin, a w zdj\u0119ciach realizowanych\u00a0 we Wroc\u0142awiu wzi\u0119li udzia\u0142 tak\u017ce studenci PWST: \u00a0Diana Jonkisz i Marcin Sosi\u0144ski.<br \/>\n\u00a0<br \/>\n\u00a0W\u00a0posta\u0107 Anny German wciela si\u0119\u00a0 Joanna Moro.<br \/>\nZdj\u0119cia maj\u0105 zako\u0144czy\u0107 si\u0119 w\u00a0po\u0142owie listopada. Prawa do emisji serialu \u00a0zakupi\u0142y ju\u017c Bia\u0142oru\u015b i\u00a0Ukraina.<\/p>\n","protected":false},"excerpt":{"rendered":"<p>W pa\u017adzierniku we Wroc\u0142awiu ekipa rosyjskiej telewizji realizowa\u0142a zdj\u0119cia do serialu &#171;Anna German&#187;. Wzi\u0119li w nich udzia\u0142 staty\u015bci\u00a0 z naszej Agencji wcielaj\u0105c si\u0119 w postaci student\u00f3w Politechniki, przechodni\u00f3w i \u00a0Profesor\u00f3w . \u00a0 Jedn\u0105 z g\u0142\u00f3wnych r\u00f3l w serialu gra\u00a0 reprezentowany przez nas aktor Wojtek Rusin, a w zdj\u0119ciach realizowanych\u00a0 we Wroc\u0142awiu wzi\u0119li udzia\u0142 tak\u017ce studenci [&hellip;]<\/p>\n","protected":false},"author":4,"featured_media":146975,"comment_status":"closed","ping_status":"closed","sticky":false,"template":"","format":"standard","meta":[],"categories":[],"tags":[],"acf":[],"_links":{"self":[{"href":"https:\/\/casting.wroc.pl\/ru\/wp-json\/wp\/v2\/posts\/162349"}],"collection":[{"href":"https:\/\/casting.wroc.pl\/ru\/wp-json\/wp\/v2\/posts"}],"about":[{"href":"https:\/\/casting.wroc.pl\/ru\/wp-json\/wp\/v2\/types\/post"}],"author":[{"embeddable":true,"href":"https:\/\/casting.wroc.pl\/ru\/wp-json\/wp\/v2\/users\/4"}],"replies":[{"embeddable":true,"href":"https:\/\/casting.wroc.pl\/ru\/wp-json\/wp\/v2\/comments?post=162349"}],"version-history":[{"count":0,"href":"https:\/\/casting.wroc.pl\/ru\/wp-json\/wp\/v2\/posts\/162349\/revisions"}],"wp:featuredmedia":[{"embeddable":true,"href":"https:\/\/casting.wroc.pl\/ru\/wp-json\/wp\/v2\/media\/146975"}],"wp:attachment":[{"href":"https:\/\/casting.wroc.pl\/ru\/wp-json\/wp\/v2\/media?parent=162349"}],"wp:term":[{"taxonomy":"category","embeddable":true,"href":"https:\/\/casting.wroc.pl\/ru\/wp-json\/wp\/v2\/categories?post=162349"},{"taxonomy":"post_tag","embeddable":true,"href":"https:\/\/casting.wroc.pl\/ru\/wp-json\/wp\/v2\/tags?post=162349"}],"curies":[{"name":"wp","href":"https:\/\/api.w.org\/{rel}","templated":true}]}}