{"id":162562,"date":"2015-12-01T14:43:35","date_gmt":"2015-12-01T14:43:35","guid":{"rendered":""},"modified":"2016-04-25T00:00:00","modified_gmt":"2016-04-25T00:00:00","slug":"komisja-morderstw-zakonczenie-jesiennej-sesji-zdjeciowej","status":"publish","type":"post","link":"https:\/\/casting.wroc.pl\/en\/komisja-morderstw-zakonczenie-jesiennej-sesji-zdjeciowej\/","title":{"rendered":"&#8220;Komisja Morderstw&#8221; &#8211; zako\u0144czenie jesiennej sesji zdj\u0119ciowej."},"content":{"rendered":"<p>\u00a0<\/p>\n<p>We Wroc\u0142awiu pad\u0142 ostatni \u00a0klaps podczas jesiennej sesji zdj\u0119ciowej serialu &#8220;Komisja Morderstw&#8221;w re\u017cyserii Jaros\u0142awa Marszewskiego.<\/p>\n<p>Serial produkowany przez wroc\u0142awsk\u0105 firm\u0119 \u00a0MEDIABRIGADE \u00a0zobacz\u0105 Pa\u0144stwo<br \/>\njesieni\u0105 2016 roku na antenie TVP 2.<\/p>\n<p>W role drugoplanowe i epizodyczne wcieli\u0142o si\u0119 kilkudziesi\u0119ciu Aktor\u00f3w reprezentowanych przez Agencj\u0119 \u00a0Edwin Film.<\/p>\n<p>MIN: :Alessandra Donati,\u00a0Igor Kujawski, Ewa Wyszomirska, Tadeusz Drzewiecki, S\u0142awomir So\u015bnierz,Evgeny Malinovsky, Grzegorz Wojdon,<br \/>\n Radomir Rospondek,Zdzis\u0142aw Ku\u017aniar, Artur Bazak,Piotr R\u00f3\u017ca\u0144ski, Micha\u0142 Wielewicki,Krzysztof Pyziak,<br \/>\n Kowalunas Igor, Justyna Wo\u017aniak, Andrzej Wieczorek,Andrzej Olejnik, Wiktoria Czubaszek,Marcin Pempu\u015b,<br \/>\n Ania Skubik. \u00a0Marcin Chabowski, Micha\u0142 Kula,Bogus\u0142awa Ko\u017cusznik, Dagmara Mrowiec, Edward Kalisz,<br \/>\n Przemek Pucha\u0142a, Edwin Petrykat,Krzysztof Boczkowski, Bartek Kope\u0107 ,Stanis\u0142aw Wolski, Aleksander Janiszewski i wielu, wielu innych .<br \/>\n\u00a0<\/p>\n<p>W serialu zagra\u0142y setki Statyst\u00f3w reprezentowanych przez nasz\u0105 Agencj\u0119: zar\u00f3wno z Wroc\u0142awia jak i terenu Dolnego Sl\u0105ska,<br \/>\nmin z Legnicy, Ksi\u0105\u017ca, Boles\u0142awca, Kliczkowa, Wa\u0142brzycha i innych miast naszego regionu.<\/p>\n<p>Wszystkim serdecznie dzi\u0119kujemy za cierpliwo\u015b\u0107,zaanga\u017cowanie i wspania\u0142\u0105 wsp\u00f3\u0142prac\u0119 na planie filmu.<br \/>\n\u00a0<\/p>\n<p>W &#8220;Komisji Morderstw&#8221; w rolach g\u0142\u00f3wnych graja min: Pawe\u0142 \u00a0Ma\u0142aszy\u0144ski, Krzysztof Pieczy\u0144ski,Ma\u0142gorzata Buczkowska i Marcel Sabat.<\/p>\n<p>Zdj\u0119cia do serialu kr\u0119cone by\u0142y we Wroc\u0142awiu, na zamkach w Kliczkowie i Ksi\u0105\u017cu, oraz w &#8220;kompleksie&#8221; \u00a0RISE w okolicach Wa\u0142brzycha.<\/p>\n<p>Produkcja to wsp\u00f3lne przedsi\u0119wzi\u0119cie Telewizji Polskiej oraz Urz\u0119du Marsza\u0142kowskiego Wojew\u00f3dztwa Dolno\u015bl\u0105skiego.<\/p>\n<p>Serial przedstawia histori\u0119 grupy policjant\u00f3w z wydzia\u0142u \u00a0Spraw Niewyja\u015bnionych ,<br \/>\nkt\u00f3rzy b\u0119d\u0105 pr\u00f3bowali rozwi\u0105za\u0107 kryminalne zagadki z przesz\u0142o\u015bci<br \/>\nkt\u00f3re maja wp\u0142yw na wsp\u00f3\u0142cze\u015bnie tocz\u0105ce si\u0119 sprawy.<\/p>\n<p>Serial to dwana\u015bcie historii, kt\u00f3re do dzisiaj pozosta\u0142y nie wyja\u015bnione.<\/p>\n<p>Rozwi\u0105zywaniem zagadek zajmuje si\u0119 jednostka, potocznie zwana \u00a0KOMISJ\u0104 MORDERSTW.<br \/>\n\u00a0<br \/>\nWydzia\u0142 rozwi\u0105zuje min zagadki Breslau z lat 30tych, dotyka spraw \u017co\u0142nierzy niez\u0142omnych, zag\u0142\u0119bia si\u0119 w histori\u0119 ziem odzyskanych,<br \/>\nanalizuje tajemnicze przypadki z czas\u00f3w II wojny \u015bwiatowej.<br \/>\n\u00a0<br \/>\nZdj\u0119cia do dalszej cz\u0119sci serialu zostan\u0105 wznowione wiosn\u0105 2016 roku.<br \/>\n\u00a0<br \/>\nKOMISJA MORDERSTW:<br \/>\nRe\u017cyseria : Jaros\u0142aw Marszewski<br \/>\nScenariusz : Krzysztof Kopka<br \/>\nKonsultant historyczny : dr.hab.Maciej Trzci\u0144ski<br \/>\nZdj\u0119cia: Marek Traskowski<br \/>\nKostiumy: Barbara Sikorska Boufall<br \/>\nCharakteryzacja : Alina Janerka<br \/>\nScenografia: Joanna Bia\u0142ousz<br \/>\nProducenci wykonawczy: Sylwester Banaszkiewicz i Marcin Kurek<br \/>\nSerial dla TVP 2 produkuje wroc\u0142awska firma MEDIABRIGADE.<\/p>\n<p>\u00a0<\/p>\n<p>\u00a0<\/p>\n<p>\u00a0<\/p>\n<p>\u00a0<\/p>\n<p>\u00a0<\/p>\n<p>\u00a0<\/p>\n","protected":false},"excerpt":{"rendered":"<p>\u00a0 We Wroc\u0142awiu pad\u0142 ostatni \u00a0klaps podczas jesiennej sesji zdj\u0119ciowej serialu &#8220;Komisja Morderstw&#8221;w re\u017cyserii Jaros\u0142awa Marszewskiego. Serial produkowany przez wroc\u0142awsk\u0105 firm\u0119 \u00a0MEDIABRIGADE \u00a0zobacz\u0105 Pa\u0144stwo jesieni\u0105 2016 roku na antenie TVP 2. W role drugoplanowe i epizodyczne wcieli\u0142o si\u0119 kilkudziesi\u0119ciu Aktor\u00f3w reprezentowanych przez Agencj\u0119 \u00a0Edwin Film. MIN: :Alessandra Donati,\u00a0Igor Kujawski, Ewa Wyszomirska, Tadeusz Drzewiecki, S\u0142awomir So\u015bnierz,Evgeny [&hellip;]<\/p>\n","protected":false},"author":4,"featured_media":147114,"comment_status":"closed","ping_status":"closed","sticky":false,"template":"","format":"standard","meta":[],"categories":[],"tags":[],"acf":[],"_links":{"self":[{"href":"https:\/\/casting.wroc.pl\/en\/wp-json\/wp\/v2\/posts\/162562"}],"collection":[{"href":"https:\/\/casting.wroc.pl\/en\/wp-json\/wp\/v2\/posts"}],"about":[{"href":"https:\/\/casting.wroc.pl\/en\/wp-json\/wp\/v2\/types\/post"}],"author":[{"embeddable":true,"href":"https:\/\/casting.wroc.pl\/en\/wp-json\/wp\/v2\/users\/4"}],"replies":[{"embeddable":true,"href":"https:\/\/casting.wroc.pl\/en\/wp-json\/wp\/v2\/comments?post=162562"}],"version-history":[{"count":0,"href":"https:\/\/casting.wroc.pl\/en\/wp-json\/wp\/v2\/posts\/162562\/revisions"}],"wp:featuredmedia":[{"embeddable":true,"href":"https:\/\/casting.wroc.pl\/en\/wp-json\/wp\/v2\/media\/147114"}],"wp:attachment":[{"href":"https:\/\/casting.wroc.pl\/en\/wp-json\/wp\/v2\/media?parent=162562"}],"wp:term":[{"taxonomy":"category","embeddable":true,"href":"https:\/\/casting.wroc.pl\/en\/wp-json\/wp\/v2\/categories?post=162562"},{"taxonomy":"post_tag","embeddable":true,"href":"https:\/\/casting.wroc.pl\/en\/wp-json\/wp\/v2\/tags?post=162562"}],"curies":[{"name":"wp","href":"https:\/\/api.w.org\/{rel}","templated":true}]}}