{"id":162558,"date":"2015-11-04T12:32:55","date_gmt":"2015-11-04T12:32:55","guid":{"rendered":""},"modified":"2016-04-25T00:00:00","modified_gmt":"2016-04-25T00:00:00","slug":"oswiecim-poszukujemy-statystow","status":"publish","type":"post","link":"https:\/\/casting.wroc.pl\/en\/oswiecim-poszukujemy-statystow\/","title":{"rendered":"O\u015aWI\u0118CIM &#8211; poszukujemy Statyst\u00f3w!!"},"content":{"rendered":"<p>Staty\u015bci z O\u015bwi\u0119cimia i okolic poszukiwani!!<br \/>\nRozpoczynamy zdj\u0119cia do pilota\u017cowego\u00a0 odcinka serialu o tematyce wojenno \u2013 obozowej.<br \/>\nW zwi\u0105zku z tym poszukujemy m\u0119\u017cczyzn w wieku 16-60 lat, bardzo szczup\u0142ych , wr\u0119cz chudych, bez zarostu na twarzy, \u0142ysych lub bardzo kr\u00f3tko ostrzy\u017conych, kt\u00f3rzy pragn\u0105\u00a0 zagra\u0107 obozowych wi\u0119\u017ani\u00f3w.<br \/>\nRozpocz\u0119cie zdj\u0119\u0107, druga po\u0142owa listopada- pocz\u0105tek grudnia.<br \/>\nMiejsce zdj\u0119\u0107 \u2013 O\u015bwi\u0119cim.<br \/>\nWszystkich zainteresowanych z O\u015bwi\u0119cimia, jego okolic, ca\u0142ego wojew\u00f3dztwa \u015bl\u0105skiego prosimy o kontakt mailowy lub telefoniczny z nasz\u0105 Agencj\u0105.<br \/>\nDo maila prosimy\u00a0 do\u0142\u0105czy\u0107 aktualne\u00a0 zdj\u0119cie, informacje o wieku, miejscu zamieszkania oraz numer telefonu.<br \/>\n\u00a0<br \/>\nAgencja Aktor\u00f3w i Statyst\u00f3w<br \/>\nEdwin Film<br \/>\nUl. Ku\u017anicza 11-13<br \/>\nWroc\u0142aw<br \/>\nMail: <a href=\"mailto:info@edwinfilm.pl\">info@edwinfilm.pl<\/a><br \/>\nTel: 71\u00a0780 50 59 lub 71\u00a0780 59 29<\/p>\n","protected":false},"excerpt":{"rendered":"<p>Staty\u015bci z O\u015bwi\u0119cimia i okolic poszukiwani!! Rozpoczynamy zdj\u0119cia do pilota\u017cowego\u00a0 odcinka serialu o tematyce wojenno \u2013 obozowej. W zwi\u0105zku z tym poszukujemy m\u0119\u017cczyzn w wieku 16-60 lat, bardzo szczup\u0142ych , wr\u0119cz chudych, bez zarostu na twarzy, \u0142ysych lub bardzo kr\u00f3tko ostrzy\u017conych, kt\u00f3rzy pragn\u0105\u00a0 zagra\u0107 obozowych wi\u0119\u017ani\u00f3w. Rozpocz\u0119cie zdj\u0119\u0107, druga po\u0142owa listopada- pocz\u0105tek grudnia. Miejsce zdj\u0119\u0107 [&hellip;]<\/p>\n","protected":false},"author":4,"featured_media":146875,"comment_status":"closed","ping_status":"closed","sticky":false,"template":"","format":"standard","meta":[],"categories":[],"tags":[],"acf":[],"_links":{"self":[{"href":"https:\/\/casting.wroc.pl\/en\/wp-json\/wp\/v2\/posts\/162558"}],"collection":[{"href":"https:\/\/casting.wroc.pl\/en\/wp-json\/wp\/v2\/posts"}],"about":[{"href":"https:\/\/casting.wroc.pl\/en\/wp-json\/wp\/v2\/types\/post"}],"author":[{"embeddable":true,"href":"https:\/\/casting.wroc.pl\/en\/wp-json\/wp\/v2\/users\/4"}],"replies":[{"embeddable":true,"href":"https:\/\/casting.wroc.pl\/en\/wp-json\/wp\/v2\/comments?post=162558"}],"version-history":[{"count":0,"href":"https:\/\/casting.wroc.pl\/en\/wp-json\/wp\/v2\/posts\/162558\/revisions"}],"wp:featuredmedia":[{"embeddable":true,"href":"https:\/\/casting.wroc.pl\/en\/wp-json\/wp\/v2\/media\/146875"}],"wp:attachment":[{"href":"https:\/\/casting.wroc.pl\/en\/wp-json\/wp\/v2\/media?parent=162558"}],"wp:term":[{"taxonomy":"category","embeddable":true,"href":"https:\/\/casting.wroc.pl\/en\/wp-json\/wp\/v2\/categories?post=162558"},{"taxonomy":"post_tag","embeddable":true,"href":"https:\/\/casting.wroc.pl\/en\/wp-json\/wp\/v2\/tags?post=162558"}],"curies":[{"name":"wp","href":"https:\/\/api.w.org\/{rel}","templated":true}]}}