{"id":162555,"date":"2015-11-20T06:50:53","date_gmt":"2015-11-20T06:50:53","guid":{"rendered":""},"modified":"2016-04-25T00:00:00","modified_gmt":"2016-04-25T00:00:00","slug":"wroclaw-esk-2016","status":"publish","type":"post","link":"https:\/\/casting.wroc.pl\/en\/wroclaw-esk-2016\/","title":{"rendered":"WROC\u0141AW  ESK 2016!"},"content":{"rendered":"<p>\u00a0<br \/>\n\u00a0<br \/>\nMoustafa, Martyna, Tomek, Konrad, Danusia, Dawid, Mariusz ,<br \/>\nDaria i inni Epizody\u015bci z Naszej Agencji zostali reprezentacj\u0105 mieszka\u0144c\u00f3w<br \/>\n Wroc\u0142awia w spotach promuj\u0105cych weekend otwarcie ESK we Wroc\u0142awiu.<br \/>\n &#8220;Obud\u017c si\u0119 na kultur\u0119&#8221;&#8230;.obud\u017c z nami Wroc\u0142aw Emotikon smile<br \/>\n\u00a0<br \/>\nhttps:\/\/www.facebook.com\/EDWIN-FILM-102944873124602\/?ref=tn_tnmn<br \/>\n\u00a0<br \/>\n\u00a0<br \/>\n( \u017cr\u00f3d\u0142o: ) www.wroclaw216.pl<\/p>\n<p>Trzy dni Weekendu Otwarcia (15-17 stycznia 2016) wype\u0142nione ponad setk\u0105 wydarze\u0144 kulturalnych<br \/>\n zainauguruj\u0105 rok Europejskiej Stolicy Kultury we Wroc\u0142awiu.<br \/>\nW niedzielnym finale dziesi\u0105tki tysi\u0119cy os\u00f3b we\u017amie udzia\u0142 w \u00a0\u201ePrzebudzeniu\u201d \u2013<br \/>\n jednym z najliczniejszych i najbardziej spektakularnych pochod\u00f3w w historii miasta. \u00a0\u2013<br \/>\nWroc\u0142awianie b\u0119d\u0105 mogli po\u0142\u0105czy\u0107 si\u0119 we wsp\u00f3lnym przemarszu i uczestniczy\u0107<br \/>\n w artystycznej opowie\u015bci o historii miasta i jego mieszka\u0144c\u00f3w \u2013<br \/>\nm\u00f3wi Chris Baldwin, tw\u00f3rca \u201ePrzebudzenia\u201d.<\/p>\n<p>Re\u017cyserem realizowanej z wielkim rozmachem Ceremonii Otwarcia jest Chris Baldwin,<br \/>\n kurator ESK ds. performance, artysta, kt\u00f3ry ma na swoim koncie re\u017cyseri\u0119 wielkich wydarze\u0144<br \/>\nplenerowych w ca\u0142ej Europie.<br \/>\nCeremonia rozpocznie si\u0119 w niedziel\u0119, 17 stycznia, w czterech dzielnicach Wroc\u0142awia.<br \/>\nZ zajezdni tramwajowej \u201eD\u0105bie\u201d, zajezdni autobusowej przy\u00a0ul. Grabiszy\u0144skiej,<br \/>\nzajezdni \u201ePopowice\u201d<br \/>\n i z Wy\u017cszej Oficerskiej Szko\u0142y Wojsk L\u0105dowych przyul. Czajkowskiego rusz\u0105 do Rynku<br \/>\npochody mieszka\u0144c\u00f3w i artyst\u00f3w.<br \/>\nPoprowadz\u0105 je cztery Duchy Wroc\u0142awia: Duch Wielu Wyzna\u0144, Duch Innowacji,<br \/>\n Duch Odbudowy i Duch Powodzi,<br \/>\nkt\u00f3re\u00a0w zaaran\u017cowanej scenerii opowiedz\u0105 o wielokulturowej, niezwyk\u0142ej historii miasta.<br \/>\nProjektantem kilkumetrowych instalacji czerech duch\u00f3w jest francuski artysta wizualny<br \/>\nPhilippe Geffroy.Fina\u0142 \u201ePrzebudzenia\u201d nast\u0105pi po spotkaniu si\u0119 czterech Duch\u00f3w,<br \/>\nmieszka\u0144c\u00f3w oraz artyst\u00f3w w sercu miasta.<br \/>\nRynek przejdzie artystyczn\u0105 transformacj\u0119, w wyniku kt\u00f3rej nawet okoliczne<br \/>\nbudynki stan\u0105 si\u0119 scenami i elementami scenografii.<br \/>\nWidowisko wizualno-muzyczne b\u0119d\u0105ce punktem kulminacyjnym \u201ePrzebudzenia\u201d b\u0119dzie<br \/>\n spektakularnym przedstawieniem\u00a0z niezwyk\u0142\u0105 scenografi\u0105, bajecznymi elementami wizualnymi,<br \/>\n zaskakuj\u0105cym form\u0105 spektaklem\u00a0z udzia\u0142em tysi\u0119cy artyst\u00f3w.<br \/>\nScenariusz widowiska opiera si\u0119 na po\u0142\u0105czeniu pracy re\u017cyser\u00f3w sztuk wizualnych,<br \/>\n tancerzy, aktor\u00f3w, muzyk\u00f3w, performer\u00f3w i aktywnego udzia\u0142u mieszka\u0144c\u00f3w Wroc\u0142awia.<br \/>\nO skali przedsi\u0119wzi\u0119cia \u015bwiadcz\u0105 liczby ponad 1300 artyst\u00f3w, 200 ch\u00f3rzyst\u00f3w,<br \/>\n 50 \u017co\u0142nierzy, oko\u0142o 300 rowerzyst\u00f3w.<br \/>\nPodczas ceremonii pojawi si\u0119 30 instalacji \u015bwietlnych,\u00a030 gigantycznych marionetek i pi\u0119\u0107 tramwaj\u00f3w.<br \/>\n Re\u017cyserzy \u201ePrzebudzenia\u201d przygotowali mn\u00f3stwo artystycznych niespodzianek i \u201ezwrot\u00f3w akcji\u201d.<br \/>\nTw\u00f3rcy nie zdradzaj\u0105 szczeg\u00f3\u0142\u00f3w licz\u0105c, \u017ce efekt zaskoczenia jeszcze bardziej pobudzi emocje<br \/>\n i prze\u017cycia artystyczne publiczno\u015bci.W trwaj\u0105cych od prawie roku przygotowaniach do Wielkiego Otwarcia uczestnicz\u0105 polscy<br \/>\n i zagraniczni arty\u015bci,<br \/>\n setki os\u00f3b zwi\u0105zanych z formalnymi i nieformalnymi centrami kultury oraz lokaln\u0105 spo\u0142eczno\u015bci\u0105.<br \/>\n Jednak organizatorzy przedsi\u0119wzi\u0119cia wskazuj\u0105 przede wszystkim na aktywny udzia\u0142 wroc\u0142awian,<br \/>\nkt\u00f3rzy podejmuj\u0105c wyzwanie stworz\u0105 niezapomniany kulturalny poch\u00f3d mieszka\u0144c\u00f3w.<br \/>\n &#8211; Pom\u00f3\u017ccie nam opowiedzie\u0107 histori\u0119 Wroc\u0142awia.<br \/>\n17 stycznia nasze wsp\u00f3lne uczestnictwo w pochodzie otwieraj\u0105cym Europejsk\u0105 Stolic\u0119 Kultury, sprawi,<br \/>\n \u017ce \u201ePrzebudzenie\u201d Wroc\u0142awia stanie si\u0119 wydarzeniem na skal\u0119 Europy \u2013 zaprasza Chris Baldwin.Weekend Otwarcia z projektem &#8220;Mercouri\/Xenakis&#8221; i per\u0142ami \u015bwiatowej architektury\u201ePrzebudzenie\u201d poprzedzi kulturalne \u015bwi\u0119to, kt\u00f3re rozpocznie si\u0119 w pi\u0105tek, 15 stycznia.<br \/>\nW czasie 3 dni zaplanowano oko\u0142o 100 wydarze\u0144 kulturalnych, tak by ka\u017cdy znalaz\u0142 co\u015b dla siebie.<br \/>\nNajwa\u017cniejsze z nich to wystawa prac legendarnego hiszpa\u0144skiego rze\u017abiarza Eduardo Chillidy<br \/>\n(w BWA Awangarda, wernisa\u017c 15 stycznia) i ekspozycja \u201eMade in Europe.<br \/>\n25 lat nagrody Unii Europejskiej w dziedzinie architektury wsp\u00f3\u0142czesnej \u2013 Mies van der Rohe Award\u201d,<br \/>\n dzi\u0119ki kt\u00f3rej poznamy najlepsze realizacje \u015bwiatowej architektury<br \/>\n (Muzeum Architektury, wernisa\u017c\u00a016 stycznia). ESK zaprasza tak\u017ce na trzydniowy projekt<br \/>\n\u201eMercouri\/Xenakis\u201d obejmuj\u0105cy wystaw\u0119, koncerty i spektakl po\u015bwi\u0119cone tw\u00f3rczo\u015bci<br \/>\n Iannisa Xenakisa \u2013 legendarnego greckiego architekta i kompozytora<br \/>\n oraz Melinie Mercouri \u2013 greckiej aktorce, minister kultury i pomys\u0142odawczyni idei Europejskiej Stolicy Kultury.<br \/>\nW sobot\u0119 (16 stycznia) Europejska Stolica Kultury zaprosi do \u201eMuzeum Marze\u0144\u201d.<br \/>\nWe wroc\u0142awskim Muzeum Narodowym re\u017cyser Jacqueline Kornm\u00fcller wraz\u00a0z gwiazdami literatury i teatru<br \/>\noraz tancerzami poka\u017ce dziewi\u0119\u0107 kameralnych przedstawie\u0144 inspirowanych dzie\u0142ami sztuki. \u201ePrzebudzenie\u201d \u2013 druga ods\u0142ona projektu o nazwie \u201eKwartet Flow\u201dCeremonia Otwarcia pt. \u201ePrzebudzenie\u201d jest cz\u0119\u015bci\u0105 projektu o nazwie \u201eKwartet Flow\u201d autorstwa Chrisa Baldwina.<br \/>\n Projekt obejmuje cztery anga\u017cuj\u0105ce mieszka\u0144c\u00f3w miasta spektakularne wydarzenia,<br \/>\nkt\u00f3re opowiadaj\u0105 histori\u0119 to\u017csamo\u015bci kulturowej Wroc\u0142awia.<br \/>\nPierwszy z nich \u2013 \u201eMosty\u201d (czerwiec 2015) by\u0142 najwi\u0119kszym w Europie jednodniowym performansem<br \/>\n, w kt\u00f3rym uczestniczy\u0142o 22 tysi\u0119cy os\u00f3b.\u00a027 wroc\u0142awskich most\u00f3w i k\u0142adek zamieni\u0142o si\u0119 wtedy<br \/>\nw sceny teatralne,<br \/>\n przestrzenie koncertowe\u00a0i pracownie plastyczne. Kolejn\u0105 cz\u0119\u015b\u0107 stanowi \u201ePrzebudzenie\u201d.<br \/>\nA 11 czerwca 2016 roku, na nabrze\u017cach Odry zobaczymy koncerty, spektakle i happeningi,<br \/>\nkt\u00f3re z\u0142o\u017c\u0105 si\u0119 na \u201eFlow\u201d, performance, opowiadaj\u0105cy\u00a0o budowie, zniszczeniu i powojennym<br \/>\n odradzaniu si\u0119 Wroc\u0142awia.<br \/>\n. Zwie\u0144czeniem kwartetu b\u0119dzie \u201eNiebo\u201d\u00a0\u2013 ceremonia zamkni\u0119cia Europejskiej Stolicy Kultury Wroc\u0142aw 2016.<br \/>\nTo wielkie wydarzenia artystyczne roku 2016 opowiadaj\u0105ce o historii Wroc\u0142awia<br \/>\n i odkrywaj\u0105ce go na nowo z perspektywy wsp\u00f3\u0142czesnej Europy.<\/p>\n<p>\u00a0<br \/>\nhttps:\/\/www.facebook.com\/Wroclaw2016\/?fref=ts<\/p>\n","protected":false},"excerpt":{"rendered":"<p>\u00a0 \u00a0 Moustafa, Martyna, Tomek, Konrad, Danusia, Dawid, Mariusz , Daria i inni Epizody\u015bci z Naszej Agencji zostali reprezentacj\u0105 mieszka\u0144c\u00f3w Wroc\u0142awia w spotach promuj\u0105cych weekend otwarcie ESK we Wroc\u0142awiu. &#8220;Obud\u017c si\u0119 na kultur\u0119&#8221;&#8230;.obud\u017c z nami Wroc\u0142aw Emotikon smile \u00a0 https:\/\/www.facebook.com\/EDWIN-FILM-102944873124602\/?ref=tn_tnmn \u00a0 \u00a0 ( \u017cr\u00f3d\u0142o: ) www.wroclaw216.pl Trzy dni Weekendu Otwarcia (15-17 stycznia 2016) wype\u0142nione ponad [&hellip;]<\/p>\n","protected":false},"author":4,"featured_media":147210,"comment_status":"closed","ping_status":"closed","sticky":false,"template":"","format":"standard","meta":[],"categories":[],"tags":[],"acf":[],"_links":{"self":[{"href":"https:\/\/casting.wroc.pl\/en\/wp-json\/wp\/v2\/posts\/162555"}],"collection":[{"href":"https:\/\/casting.wroc.pl\/en\/wp-json\/wp\/v2\/posts"}],"about":[{"href":"https:\/\/casting.wroc.pl\/en\/wp-json\/wp\/v2\/types\/post"}],"author":[{"embeddable":true,"href":"https:\/\/casting.wroc.pl\/en\/wp-json\/wp\/v2\/users\/4"}],"replies":[{"embeddable":true,"href":"https:\/\/casting.wroc.pl\/en\/wp-json\/wp\/v2\/comments?post=162555"}],"version-history":[{"count":0,"href":"https:\/\/casting.wroc.pl\/en\/wp-json\/wp\/v2\/posts\/162555\/revisions"}],"wp:featuredmedia":[{"embeddable":true,"href":"https:\/\/casting.wroc.pl\/en\/wp-json\/wp\/v2\/media\/147210"}],"wp:attachment":[{"href":"https:\/\/casting.wroc.pl\/en\/wp-json\/wp\/v2\/media?parent=162555"}],"wp:term":[{"taxonomy":"category","embeddable":true,"href":"https:\/\/casting.wroc.pl\/en\/wp-json\/wp\/v2\/categories?post=162555"},{"taxonomy":"post_tag","embeddable":true,"href":"https:\/\/casting.wroc.pl\/en\/wp-json\/wp\/v2\/tags?post=162555"}],"curies":[{"name":"wp","href":"https:\/\/api.w.org\/{rel}","templated":true}]}}