{"id":162553,"date":"2015-11-10T15:37:53","date_gmt":"2015-11-10T15:37:53","guid":{"rendered":""},"modified":"2016-04-25T00:00:00","modified_gmt":"2016-04-25T00:00:00","slug":"koniec-sesji-zdjeciowej-komisja-morderstw","status":"publish","type":"post","link":"https:\/\/casting.wroc.pl\/en\/koniec-sesji-zdjeciowej-komisja-morderstw\/","title":{"rendered":"Koniec sesji zdj\u0119ciowej &#8211; Komisja Morderstw!"},"content":{"rendered":"<p>\u00a0<\/p>\n<p>KOMISJA MORDERSTW<br \/>\nKONIEC SESJI ZDJ\u0118CIOWEJ!!!<br \/>\nZapraszamy do udzia\u0142u w serialu kryminalnym Komisja Morderstw.<br \/>\n\u00a0<br \/>\n( w rolach g\u0142\u00f3wnych serialu graj\u0105 min.Pawe\u0142 Ma\u0142aszy\u0144ski i Krzysztof Pieczy\u0144ski)<br \/>\n\u00a0<\/p>\n<p>To ju\u017c ostatnie chwile tegorocznej sesji zdj\u0119ciowej.<br \/>\nNa ostatnie dni sesji jesiennej szukamy nast\u0119puj\u0105cych os\u00f3b<br \/>\n(z Wroc\u0142awia i okolicy) :<br \/>\n\u00a0<br \/>\n17 listopad (wtorek)<br \/>\n\u00a0<br \/>\nUczestnicy kongresu kardiologicznego:<br \/>\n\u00a0<br \/>\nEleganckie osoby w wieku 30-65 lat- (obojga p\u0142ci)<br \/>\n\u00a0<br \/>\n18 listopada (\u015broda)<br \/>\n\u00a0<br \/>\nKombatanci ( 70-80 lat)<br \/>\n\u00a0<br \/>\nEleganccy go\u015bcie na koncercie w wieku 20-70 lat<br \/>\n\u00a0<br \/>\nOsoby zainteresowane statystowaniem prosimy o zg\u0142aszanie si\u0119 na info@edwinfilm.pl<br \/>\n\u00a0<br \/>\nW mailu prosimy za\u0142\u0105czy\u0107 : imi\u0119 i nazwisko, telefon kontaktowy, aktualn\u0105 fotografi\u0119 oraz dat\u0119 statystowania.<br \/>\n\u00a0<br \/>\nMo\u017cna si\u0119 tak\u017ce zg\u0142asza\u0107 pod numer 71 780 50 59.<br \/>\n\u00a0<br \/>\nZapraszamy.<\/p>\n","protected":false},"excerpt":{"rendered":"<p>\u00a0 KOMISJA MORDERSTW KONIEC SESJI ZDJ\u0118CIOWEJ!!! Zapraszamy do udzia\u0142u w serialu kryminalnym Komisja Morderstw. \u00a0 ( w rolach g\u0142\u00f3wnych serialu graj\u0105 min.Pawe\u0142 Ma\u0142aszy\u0144ski i Krzysztof Pieczy\u0144ski) \u00a0 To ju\u017c ostatnie chwile tegorocznej sesji zdj\u0119ciowej. Na ostatnie dni sesji jesiennej szukamy nast\u0119puj\u0105cych os\u00f3b (z Wroc\u0142awia i okolicy) : \u00a0 17 listopad (wtorek) \u00a0 Uczestnicy kongresu kardiologicznego: [&hellip;]<\/p>\n","protected":false},"author":4,"featured_media":147187,"comment_status":"closed","ping_status":"closed","sticky":false,"template":"","format":"standard","meta":[],"categories":[],"tags":[],"acf":[],"_links":{"self":[{"href":"https:\/\/casting.wroc.pl\/en\/wp-json\/wp\/v2\/posts\/162553"}],"collection":[{"href":"https:\/\/casting.wroc.pl\/en\/wp-json\/wp\/v2\/posts"}],"about":[{"href":"https:\/\/casting.wroc.pl\/en\/wp-json\/wp\/v2\/types\/post"}],"author":[{"embeddable":true,"href":"https:\/\/casting.wroc.pl\/en\/wp-json\/wp\/v2\/users\/4"}],"replies":[{"embeddable":true,"href":"https:\/\/casting.wroc.pl\/en\/wp-json\/wp\/v2\/comments?post=162553"}],"version-history":[{"count":0,"href":"https:\/\/casting.wroc.pl\/en\/wp-json\/wp\/v2\/posts\/162553\/revisions"}],"wp:featuredmedia":[{"embeddable":true,"href":"https:\/\/casting.wroc.pl\/en\/wp-json\/wp\/v2\/media\/147187"}],"wp:attachment":[{"href":"https:\/\/casting.wroc.pl\/en\/wp-json\/wp\/v2\/media?parent=162553"}],"wp:term":[{"taxonomy":"category","embeddable":true,"href":"https:\/\/casting.wroc.pl\/en\/wp-json\/wp\/v2\/categories?post=162553"},{"taxonomy":"post_tag","embeddable":true,"href":"https:\/\/casting.wroc.pl\/en\/wp-json\/wp\/v2\/tags?post=162553"}],"curies":[{"name":"wp","href":"https:\/\/api.w.org\/{rel}","templated":true}]}}