{"id":162522,"date":"2015-06-10T08:44:26","date_gmt":"2015-06-10T08:44:26","guid":{"rendered":""},"modified":"2016-04-25T00:00:00","modified_gmt":"2016-04-25T00:00:00","slug":"piotr-nerlewski-w-m-jak-milosc","status":"publish","type":"post","link":"https:\/\/casting.wroc.pl\/en\/piotr-nerlewski-w-m-jak-milosc\/","title":{"rendered":"Piotr Nerlewski w &#8220;M Jak Mi\u0142o\u015b\u0107&#8221;"},"content":{"rendered":"<p>Piotr Nerlewski-  student krakowskiej PWST do\u0142\u0105czy\u0142 do obsady serialu &#8220;M jak Mi\u0142o\u015b\u0107&#8221; , kt\u00f3rego producentem jest MTL Maxfilm.<br \/>\nWcieli\u0142 si\u0119 w rol\u0119 sympatycznego le\u015bniczego- Franka Zarzyckiego.<br \/>\nNasza Agencja reprezentuje Aktora w serialu.<\/p>\n<p>&#8220;Le\u015bniczy Franek Zarzycki w &#8220;M jak mi\u0142o\u015b\u0107&#8221; pojawia si\u0119 w do\u015b\u0107  dramatycznych okoliczno\u015bciach. W 1140 odcinku &#8220;M jak mi\u0142o\u015b\u0107&#8221; podczas  spaceru po lesie Lucjan (Witold Pyrkosz) nagle opada z si\u0142. Chory na  serce Mostowiak nie jest w stanie samodzielnie wr\u00f3ci\u0107 do domu. Na  szcz\u0119\u015bcie pomaga mu Natalka, kt\u00f3ra w\u0142a\u015bnie wtedy poznaje sympatycznego  le\u015bniczego, Franka.<br \/>\n&#8211; Franek Zarzycki to m\u0142ody le\u015bniczy, kt\u00f3ry  powraca po tu\u0142aczce po Polsce do Grabiny, miejsca, z kt\u00f3rym by\u0142  zwi\u0105zany. Franek nie opowiada o sobie, bo nie czuje takiej potrzeby. Na  tym etapie \u017cycia jeszcze nie pouk\u0142ada\u0142 sobie wszystkiego w g\u0142owie. Nie  chce zaczyna\u0107 nowego etapu bez zamkni\u0119cie tego co si\u0119 sta\u0142o w  przesz\u0142o\u015bci&#8230; Dlaczego zosta\u0142 le\u015bniczym? To te\u017c daje do my\u015blenia. To  kwestia autorytetu, kt\u00f3ry mia\u0142 w postaci dziadka. To ogromnie wp\u0142ywa na  jego charakter .<br \/>\nFranek sprawia wra\u017cenie tajemniczego i  niedost\u0119pnego. Ma za sob\u0105 jak\u0105\u015b przesz\u0142o\u015b\u0107, kt\u00f3rej nie zdradza. &#8211; Ula  nie kryje si\u0119 z tym, \u017ce bardzo j\u0105 to intryguje i ciekawi. Od pierwszego  wejrzenia jest zauroczna. Jest szansa, \u017ce si\u0119 zakocha .<br \/>\nLe\u015bniczy z  Grabiny wpada w oko Uli, kt\u00f3ra dostrzega w nim samotnika, do kt\u00f3rego  chce dotrze\u0107. Ale tak\u017ce Natalka zaczyna si\u0119 nim interesowa\u0107. Ci\u0119\u017carna  Mostowiaczka czuje uk\u0142ucie zazdro\u015bci na sam\u0105 my\u015bl, \u017ce Ula znajdzie sobie  faceta, a ona zostanie sama z dzieckiem.&#8221; (opis:  superseriale.se.pl)<\/p>\n","protected":false},"excerpt":{"rendered":"<p>Piotr Nerlewski- student krakowskiej PWST do\u0142\u0105czy\u0142 do obsady serialu &#8220;M jak Mi\u0142o\u015b\u0107&#8221; , kt\u00f3rego producentem jest MTL Maxfilm. Wcieli\u0142 si\u0119 w rol\u0119 sympatycznego le\u015bniczego- Franka Zarzyckiego. Nasza Agencja reprezentuje Aktora w serialu. &#8220;Le\u015bniczy Franek Zarzycki w &#8220;M jak mi\u0142o\u015b\u0107&#8221; pojawia si\u0119 w do\u015b\u0107 dramatycznych okoliczno\u015bciach. W 1140 odcinku &#8220;M jak mi\u0142o\u015b\u0107&#8221; podczas spaceru po lesie [&hellip;]<\/p>\n","protected":false},"author":4,"featured_media":147139,"comment_status":"closed","ping_status":"closed","sticky":false,"template":"","format":"standard","meta":[],"categories":[],"tags":[],"acf":[],"_links":{"self":[{"href":"https:\/\/casting.wroc.pl\/en\/wp-json\/wp\/v2\/posts\/162522"}],"collection":[{"href":"https:\/\/casting.wroc.pl\/en\/wp-json\/wp\/v2\/posts"}],"about":[{"href":"https:\/\/casting.wroc.pl\/en\/wp-json\/wp\/v2\/types\/post"}],"author":[{"embeddable":true,"href":"https:\/\/casting.wroc.pl\/en\/wp-json\/wp\/v2\/users\/4"}],"replies":[{"embeddable":true,"href":"https:\/\/casting.wroc.pl\/en\/wp-json\/wp\/v2\/comments?post=162522"}],"version-history":[{"count":0,"href":"https:\/\/casting.wroc.pl\/en\/wp-json\/wp\/v2\/posts\/162522\/revisions"}],"wp:featuredmedia":[{"embeddable":true,"href":"https:\/\/casting.wroc.pl\/en\/wp-json\/wp\/v2\/media\/147139"}],"wp:attachment":[{"href":"https:\/\/casting.wroc.pl\/en\/wp-json\/wp\/v2\/media?parent=162522"}],"wp:term":[{"taxonomy":"category","embeddable":true,"href":"https:\/\/casting.wroc.pl\/en\/wp-json\/wp\/v2\/categories?post=162522"},{"taxonomy":"post_tag","embeddable":true,"href":"https:\/\/casting.wroc.pl\/en\/wp-json\/wp\/v2\/tags?post=162522"}],"curies":[{"name":"wp","href":"https:\/\/api.w.org\/{rel}","templated":true}]}}