{"id":162483,"date":"2014-12-18T10:02:13","date_gmt":"2014-12-18T10:02:13","guid":{"rendered":""},"modified":"2016-04-25T00:00:00","modified_gmt":"2016-04-25T00:00:00","slug":"rafal-kronenberger-w-reklamie-soku-1","status":"publish","type":"post","link":"https:\/\/casting.wroc.pl\/en\/rafal-kronenberger-w-reklamie-soku-1\/","title":{"rendered":"Rafa\u0142 Kronenberger w reklamie soku."},"content":{"rendered":"<p>\u00a0<br \/>\nRafa\u0142 Kronenberger- Aktor Teatru Polskiego we Wroc\u0142awiu po serii casting\u00f3w zagra\u0142 w reklamie popularnego soku, kt\u00f3ry z pewno\u015bci\u0105 zago\u015bci na wielu \u015bwi\u0105tecznych sto\u0142ach.<br \/>\nSpot ju\u017c wkr\u00f3tce na srebrnym ekranie.<\/p>\n","protected":false},"excerpt":{"rendered":"<p>\u00a0 Rafa\u0142 Kronenberger- Aktor Teatru Polskiego we Wroc\u0142awiu po serii casting\u00f3w zagra\u0142 w reklamie popularnego soku, kt\u00f3ry z pewno\u015bci\u0105 zago\u015bci na wielu \u015bwi\u0105tecznych sto\u0142ach. Spot ju\u017c wkr\u00f3tce na srebrnym ekranie.<\/p>\n","protected":false},"author":4,"featured_media":147096,"comment_status":"closed","ping_status":"closed","sticky":false,"template":"","format":"standard","meta":[],"categories":[],"tags":[],"acf":[],"_links":{"self":[{"href":"https:\/\/casting.wroc.pl\/en\/wp-json\/wp\/v2\/posts\/162483"}],"collection":[{"href":"https:\/\/casting.wroc.pl\/en\/wp-json\/wp\/v2\/posts"}],"about":[{"href":"https:\/\/casting.wroc.pl\/en\/wp-json\/wp\/v2\/types\/post"}],"author":[{"embeddable":true,"href":"https:\/\/casting.wroc.pl\/en\/wp-json\/wp\/v2\/users\/4"}],"replies":[{"embeddable":true,"href":"https:\/\/casting.wroc.pl\/en\/wp-json\/wp\/v2\/comments?post=162483"}],"version-history":[{"count":0,"href":"https:\/\/casting.wroc.pl\/en\/wp-json\/wp\/v2\/posts\/162483\/revisions"}],"wp:featuredmedia":[{"embeddable":true,"href":"https:\/\/casting.wroc.pl\/en\/wp-json\/wp\/v2\/media\/147096"}],"wp:attachment":[{"href":"https:\/\/casting.wroc.pl\/en\/wp-json\/wp\/v2\/media?parent=162483"}],"wp:term":[{"taxonomy":"category","embeddable":true,"href":"https:\/\/casting.wroc.pl\/en\/wp-json\/wp\/v2\/categories?post=162483"},{"taxonomy":"post_tag","embeddable":true,"href":"https:\/\/casting.wroc.pl\/en\/wp-json\/wp\/v2\/tags?post=162483"}],"curies":[{"name":"wp","href":"https:\/\/api.w.org\/{rel}","templated":true}]}}