{"id":162459,"date":"2014-09-15T20:33:27","date_gmt":"2014-09-15T20:33:27","guid":{"rendered":""},"modified":"2016-04-25T00:00:00","modified_gmt":"2016-04-25T00:00:00","slug":"urszula-jaworska-na-scenie-1","status":"publish","type":"post","link":"https:\/\/casting.wroc.pl\/en\/urszula-jaworska-na-scenie-1\/","title":{"rendered":"Urszula Jaworska na scenie!"},"content":{"rendered":"<p><a class=\"toolbar\" href=\"administrator\/index.php?option=com_content&#038;task=add\">  <\/a><br \/>\n\u00a0<br \/>\nUrszula Jaworska &#8211; tw\u00f3rczyni jednej z najpr\u0119\u017cniej dzia\u0142aj\u0105cych\u00a0 w Polsce organizacji pozarz\u0105dowych &#8211; FUNDACJI URSZULI JAWORSKIEJ &#8211; otrzyma\u0142a Z\u0141OTY KRZY\u017b ZAS\u0141UGI z r\u0105k Prezydenta RP.<br \/>\n\u00a0<br \/>\nKrzy\u017c Zas\u0142ugi-\u00a0 polskie, cywilne odznaczenie Pa\u0144stwowe nadawane jest za zas\u0142ugi dla Pa\u0144stwa i Jego Obywateli.<br \/>\n\u00a0<br \/>\nFundacja Urszuli Jaworskiej jest organizacj\u0105 promuj\u0105c\u0105 ide\u0119 dawstwa szpiku i Bankiem Dawc\u00f3w Szpiku, ju\u017c kilkudziesi\u0119ciu dawc\u00f3w uratowa\u0142o zdrowie i \u017cycie polskich pacjent\u00f3w.<br \/>\nPonadto Fundacja realizuje\u00a0 tak\u017ce wiele innych program\u00f3w, min:<br \/>\n\u00a0<br \/>\nprogram edukacyjny &#8220;transplantacja narz\u0105d\u00f3w&#8221;,<br \/>\ngrupy wsparcia dla chorych onkologicznie ich rodzin,<br \/>\ngrupy wsparcia dla os\u00f3b przed i po przeszczepie szpiku,<br \/>\ngrupy wsparcia dla chorych z HCV,<br \/>\ngrupy wsparcia dla chorych ze stwardnieniem rozsianym,<br \/>\ngrupy wsparcia dla chorych na nowotwory m\u00f3zgu,<br \/>\nwarsztaty dla pacjent\u00f3w z przewlek\u0142\u0105 bia\u0142aczk\u0105 szpikow\u0105,<br \/>\n\u00a0<br \/>\nFundacja jest tak\u017ce autorem Kampanii: &#8220;Bia\u0142aczka, sprawd\u017a czy nie wesz\u0142a Ci w krew&#8221;.<br \/>\n\u00a0<br \/>\nUrszula Jaworska- dawniej tancerka zespo\u0142u Mazowsze i Grupy Baletowej SABAT-sceny nie opuszcza nadal, teraz jednak w roli koordynatorki, pomys\u0142odawczyni i<br \/>\ntw\u00f3rczyni dziesi\u0105tk\u00f3w program\u00f3w edukacyjnych, program\u00f3w pomocowych dla pacjent\u00f3w, cz\u0142onek licznych organizacji\u00a0 pozarz\u0105dowych\u00a0 a prywatnie zapalona zbieraczka grzyb\u00f3w kt\u00f3rymi karmi min. wielu artyst\u00f3w scen polskich \ud83d\ude42<br \/>\n\u00a0<br \/>\nAgencja Edwin Film ma zaszczyt wsp\u00f3\u0142pracowa\u0107 z Fundacj\u0105 Urszuli Jaworskiej od ponad 10ciu lat\u00a0\u00a0 a dzisiaj pragniemy z\u0142o\u017cy\u0107 Urszuli gratulacje i podzi\u0119kowania za Jej prac\u0119.<br \/>\n\u00a0<br \/>\nwww.fundacjauj.pl<br \/>\n\u00a0<\/p>\n<p>&#8230;&#8230;&#8230;&#8230;&#8230;&#8230;&#8230;&#8230;&#8230;&#8230;&#8230;&#8230;&#8230;&#8230;&#8230;&#8230;&#8230;&#8230;&#8230;&#8230;&#8230;&#8230;&#8230;&#8230;&#8230;&#8230;&#8230;&#8230;&#8230;&#8230;&#8230;&#8230;&#8230;&#8230;&#8230;&#8230;&#8230;..<br \/>\n\u00a0<br \/>\n15 wrze\u015bnia 2014 roku podczas sesji zamykaj\u0105cej VII Og\u00f3lnopolskie Forum Inicjatyw<br \/>\nPozarz\u0105dowych prezydent Rzeczypospolitej Polskiej Bronis\u0142aw Komorowski  wr\u0119czy\u0142 odznaczenia pa\u0144stwowe zas\u0142u\u017conym dzia\u0142aczom organizacji  pozarz\u0105dowych.<br \/>\n\u00a0<br \/>\n&#8211; Po 25 latach musimy wyznaczy\u0107 sobie  kolejne cele, by zagospodarowa\u0107 gigantyczny potencja\u0142, kt\u00f3ry drzemie w  sektorze pozarz\u0105dowym &#8211; powiedzia\u0142 prezydent Bronis\u0142aw Komorowski  podczas konferencji.<br \/>\n\u00a0<br \/>\nJak  oceni\u0142, w bilansie minionego \u0107wier\u0107wiecza powstanie i rozw\u00f3j sektora  pozarz\u0105dowego to jeden z ja\u015bniejszych punkt\u00f3w i osi\u0105gni\u0119\u0107 wolnej Polski.<br \/>\n&#8211;  Z punktu widzenia tego, co zmieni\u0142o si\u0119 i w jaki spos\u00f3b si\u0119 zmienia\u0142o w  Polsce,<br \/>\nwszyscy czujemy, \u017ce jakim\u015b nowym i bardzo wa\u017cnym elementem jest  nie tylko mnogo\u015b\u0107,<br \/>\nale i aktywno\u015b\u0107 wielu form aktywno\u015bci obywatelskiej w  obszarze organizacji pozarz\u0105dowych.<br \/>\nTo jest co\u015b, co przysz\u0142o do Polski i  rozwin\u0119\u0142o si\u0119 razem z demokracj\u0105 \u2013 powiedzia\u0142 Bronis\u0142aw Komorowski.<br \/>\n&#8211;  Ten rok jest szczeg\u00f3lnym rokiem, wszyscy to doskonale wiemy i doskonale  czujemy, to jest 25. rok naszej wolno\u015bci.<br \/>\nTo jest szczeg\u00f3lny rok, w  kt\u00f3rym dokonujemy pewnych podsumowa\u0144.<br \/>\n\u00a0<br \/>\nAle przecie\u017c podsumowania maj\u0105  tylko wtedy sens, je\u015bli stanowi\u0105 jaki\u015b punkt wyj\u015bcia do tego, co  chcieliby\u015bmy zmieni\u0107,<br \/>\nalbo tego, co chcieliby\u015bmy zrobi\u0107 w nast\u0119pnych  latach. (&#8230;)<br \/>\nMy\u015bl\u0119, \u017ce taki bilans robimy, i to jest nies\u0142ychanie  potrzebne &#8211; doda\u0142 prezydent.<br \/>\nPrezydent Komorowski m\u00f3wi\u0142 o  wyzwaniach stoj\u0105cych przed sektorem pozarz\u0105dowym.<br \/>\n&#8211; Nie jest najlepiej w  skali ca\u0142ego spo\u0142ecze\u0144stwa z gotowo\u015bci\u0105 nas, Polak\u00f3w, do anga\u017cowania  si\u0119 spo\u0142ecznego &#8211; oceni\u0142.<br \/>\nPrzekonywa\u0142, \u017ce trzeba zastanowi\u0107 si\u0119,  dlaczego pok\u0142ady zaanga\u017cowania spo\u0142ecznego w\u015br\u00f3d Polak\u00f3w nie zwi\u0119kszaj\u0105  si\u0119 tak, jakby\u015bmy sobie tego \u017cyczyli.<br \/>\nM\u00f3wi\u0142, \u017ce trzeba pracowa\u0107 nad  zmian\u0105 postaw, aby\u015bmy ch\u0119tniej si\u0119 anga\u017cowali, a nie czekali, a\u017c kto\u015b  rozwi\u0105\u017ce nasze problemy za nas albo stworzy nam ku temu narz\u0119dzia.<br \/>\nZdaniem Bronis\u0142awa Komorowskiego jest to wielki problem mentalno\u015bciowy,  kt\u00f3ry utrudnia budowanie postaw obywatelskich.<br \/>\nZwraca\u0142 te\u017c  uwag\u0119 na mechanizm 1 proc., kt\u00f3ry zosta\u0142 wprowadzony, by pomaga\u0107 w  dystrybuowaniu bud\u017cetu,<br \/>\njednak de facto zast\u0105pi\u0142 Polakom prawdziw\u0105  filantropi\u0119.<br \/>\n&#8211; Co\u015b, co jest bardzo dobre, ma te\u017c drug\u0105 stron\u0119 medalu.  (&#8230;)<br \/>\nZe wzgl\u0119du na pi\u0119kny mechanizm, \u017ce ka\u017cdy obywatel p\u0142ac\u0105cy podatki  mo\u017ce wskaza\u0107 cel,<br \/>\nkt\u00f3ry dla niego jest wa\u017cny, wygasza to cz\u0119\u015bciowo  osobiste zaanga\u017cowanie, bo ludzie czuj\u0105, jak daj\u0105 1 proc., jakby to by\u0142  ich 1 proc., wyj\u0119ty z ich kieszeni, a on jest w istocie wyj\u0119ty z bud\u017cetu  &#8211; m\u00f3wi\u0142 prezydent.<br \/>\nJego zdaniem &#8220;wspania\u0142a idea 1 proc.&#8221;  stanowi zagro\u017cenie dla postaw filantropijnych, bo filantropia polega na  tym, \u017ce trzeba wyj\u0105\u0107 pieni\u0105dze z w\u0142asnej kieszeni, a nie ze wsp\u00f3lnej  puli.<br \/>\nPodkre\u015bli\u0142, \u017ce trzeba si\u0119 zastanowi\u0107, jak temu przeciwdzia\u0142a\u0107 i  przekonywa\u0107 Polak\u00f3w, \u017ce 1 proc., to za ma\u0142o, \u017ce wa\u017cna jest te\u017c gotowo\u015b\u0107  do wydania pieni\u0119dzy w\u0142asnych.<br \/>\n\u00a0<br \/>\nOdznaczeni zostali:za  wybitne zas\u0142ugi w dzia\u0142alno\u015bci na rzecz rozwoju spo\u0142ecze\u0144stwa  obywatelskiego w Polsce,<br \/>\nza osi\u0105gni\u0119cia w podejmowanej z po\u017cytkiem dla  kraju pracy zawodowej i spo\u0142ecznej<br \/>\n\u00a0<br \/>\nKRZY\u017bEM OFICERSKIM ORDERU ODRODZENIA POLSKI1. Irena Rzepli\u0144ska \u2013 Helsi\u0144ska Fundacja Praw Cz\u0142owieka. Warszawa<br \/>\n\u00a0<br \/>\nKRZY\u017bEM KAWALERSKIM ORDERU ODRODZENIA POLSKI2. Pawe\u0142 Kazanecki \u2013 Stowarzyszenie Wschodnioeuropejskie Centrum Demokratyczne. Warszawa<br \/>\n3. Lidia Ko\u0142ucka-\u017buk \u2013 Trust for Civil Society in Central and Eastern Europe. Warszawa<br \/>\n4.  Marzena Mendza-Drozd \u2013 Og\u00f3lnopolska Federacja Organizacji  Pozarz\u0105dowych,<br \/>\nEuropejski Komitet Ekonomiczno-Spo\u0142eczny . \u2013 order  odebra\u0142 syn \u2013 Mateusz Drozd<br \/>\n5. Bohdan Skrzypczak \u2013 Centrum Wspierania Aktywno\u015bci Lokalnej CAL. Warszawa<br \/>\n6. Krzysztof Wi\u0119ckiewicz \u2013 Departament Po\u017cytku Publicznego Ministerstwa Pracy i Polityki Spo\u0142ecznej. Warszawa<br \/>\n7. Marcin Wojdat \u2013 Urz\u0105d m.st. Warszawy, Bank \u017bywno\u015bci SOS. Warszawa<br \/>\n\u00a0<br \/>\nZ\u0141OTYM KRZY\u017bEM ZAS\u0141UGI<br \/>\n\u00a0<br \/>\n8. Jakub Boraty\u0144ski \u2013 Fundacja Pracownia bada\u0144 i Innowacji Spo\u0142ecznych \u201eStocznia\u201d. Warszawa<br \/>\n9. Piotr Choro\u015b \u2013 Stowarzyszenie Homo Faber. Lublin<br \/>\n10. Piotr Dryga\u0142a \u2013 Biuro Organizacji Pozarz\u0105dowych Urz\u0119du Miasta D\u0105browa G\u00f3rnicza<br \/>\n11. Ewa G\u0142odowska-Morawska \u2013 Stowarzyszenie Inicjatyw Niemo\u017cliwych \u201eMotyka\u201d. Toru\u0144<br \/>\n12. Justyna Janiszewska \u2013 Fundacja Edukacja dla Demokracji. Warszawa<br \/>\n13. Urszula Jaworska \u2013 Fundacja Urszuli Jaworskiej. Warszawa<br \/>\n14. Jaros\u0142aw Lipszyc \u2013 Fundacja Nowoczesna Polska<br \/>\n15. Draginja Nada\u017cdin \u2013 Amnesty Inernational Polska. Warszawa<br \/>\n16. Szymon Osowski \u2013 Stowarzyszenie Sie\u0107 Obywatelska Watchdog. Warszawa<br \/>\n17. Mirella Panek-Owsia\u0144ska \u2013 Stowarzyszenie Forum Odpowiedzialnego Biznesu. Warszawa<br \/>\n18. Pawe\u0142 Sawicki \u2013 Klub Inteligencji Katolickiej. Warszawa<br \/>\n19. Ryszard Skrzypiec \u2013 O\u015brodek Bada\u0144 Aktywno\u015bci Lokalnej. Warszawa<br \/>\n20. Katarzyna Szymielewicz \u2013 Fundacja Panoptykon. Warszawa<br \/>\n21. Ewa Tele\u017cy\u0144ska \u2013 Klub Inteligencji Katolickiej. Warszawa<br \/>\n\u00a0<br \/>\nSREBRNYM KRZY\u017bEM ZAS\u0141UGI<br \/>\n\u00a0<br \/>\n22. Magdalena Bogdaniuk \u2013 Stowarzyszenie Klon\/Jawor. Warszawa<br \/>\n23. Marcin Dadel \u2013 Centrum Inicjatyw Obywatelskich\/Sie\u0107 SPLOT. S\u0142upsk<br \/>\n24. Miros\u0142awa Hamera \u2013 Regionalne Centrum Wspierania Organizacji Pozarz\u0105dowych, Sie\u0107 SPLOT. Wroc\u0142aw<br \/>\n25. Krzysztof Izdebski \u2013 Sie\u0107 Obywatelska Watchdog Polska. Warszawa<br \/>\n26. Agnieszka Komorowska \u2013 Stowarzyszenie Wschodnioeuropejskie Centrum Demokratyczne. Warszawa<br \/>\n27. Monika Kozie\u0142 &#8211; Centrum Cyfrowe Projekt; Polska. Og\u00f3lnopolska Federacja Organizacji Pozarz\u0105dowych. Warszawa<br \/>\n28. Beata Milewska \u2013 Ambasada Stan\u00f3w Zjednoczonych. Warszawa<\/p>\n","protected":false},"excerpt":{"rendered":"<p>\u00a0 Urszula Jaworska &#8211; tw\u00f3rczyni jednej z najpr\u0119\u017cniej dzia\u0142aj\u0105cych\u00a0 w Polsce organizacji pozarz\u0105dowych &#8211; FUNDACJI URSZULI JAWORSKIEJ &#8211; otrzyma\u0142a Z\u0141OTY KRZY\u017b ZAS\u0141UGI z r\u0105k Prezydenta RP. \u00a0 Krzy\u017c Zas\u0142ugi-\u00a0 polskie, cywilne odznaczenie Pa\u0144stwowe nadawane jest za zas\u0142ugi dla Pa\u0144stwa i Jego Obywateli. \u00a0 Fundacja Urszuli Jaworskiej jest organizacj\u0105 promuj\u0105c\u0105 ide\u0119 dawstwa szpiku i Bankiem Dawc\u00f3w [&hellip;]<\/p>\n","protected":false},"author":4,"featured_media":147229,"comment_status":"closed","ping_status":"closed","sticky":false,"template":"","format":"standard","meta":[],"categories":[],"tags":[],"acf":[],"_links":{"self":[{"href":"https:\/\/casting.wroc.pl\/en\/wp-json\/wp\/v2\/posts\/162459"}],"collection":[{"href":"https:\/\/casting.wroc.pl\/en\/wp-json\/wp\/v2\/posts"}],"about":[{"href":"https:\/\/casting.wroc.pl\/en\/wp-json\/wp\/v2\/types\/post"}],"author":[{"embeddable":true,"href":"https:\/\/casting.wroc.pl\/en\/wp-json\/wp\/v2\/users\/4"}],"replies":[{"embeddable":true,"href":"https:\/\/casting.wroc.pl\/en\/wp-json\/wp\/v2\/comments?post=162459"}],"version-history":[{"count":0,"href":"https:\/\/casting.wroc.pl\/en\/wp-json\/wp\/v2\/posts\/162459\/revisions"}],"wp:featuredmedia":[{"embeddable":true,"href":"https:\/\/casting.wroc.pl\/en\/wp-json\/wp\/v2\/media\/147229"}],"wp:attachment":[{"href":"https:\/\/casting.wroc.pl\/en\/wp-json\/wp\/v2\/media?parent=162459"}],"wp:term":[{"taxonomy":"category","embeddable":true,"href":"https:\/\/casting.wroc.pl\/en\/wp-json\/wp\/v2\/categories?post=162459"},{"taxonomy":"post_tag","embeddable":true,"href":"https:\/\/casting.wroc.pl\/en\/wp-json\/wp\/v2\/tags?post=162459"}],"curies":[{"name":"wp","href":"https:\/\/api.w.org\/{rel}","templated":true}]}}