{"id":162429,"date":"2013-09-16T17:54:29","date_gmt":"2013-09-16T17:54:29","guid":{"rendered":""},"modified":"2016-04-25T00:00:00","modified_gmt":"2016-04-25T00:00:00","slug":"zbigniew-walerys-nagrodzony-w-gdyni-1","status":"publish","type":"post","link":"https:\/\/casting.wroc.pl\/en\/zbigniew-walerys-nagrodzony-w-gdyni-1\/","title":{"rendered":"Zbigniew Walery\u015b nagrodzony w Gdyni."},"content":{"rendered":"<p>\u00a0<\/p>\n<p>W sobot\u0119 , 14 wrze\u015bnia, w Gdyni zako\u0144czy\u0142 si\u0119 38. Festiwal Filmowy. Trwa\u0142 sze\u015b\u0107 dni a \u00a0ostatniego dnia w Teatrze Muzycznym rozdano nagrody dla najwybitniejszych tw\u00f3rc\u00f3w polskiego kina.<br \/>\nJedn\u0105 z nagr\u00f3d, za najlepsz\u0105 rol\u0119 drugoplanow\u0105 m\u0119sk\u0105 otrzyma\u0142 Zbigniew Walery\u015b, za rol\u0119 Dionizego Wajsa w filmie fabularnym &#8220;Papusza&#8221; w re\u017c.Joanny Kos Krauze i Krzysztofa Krauze.<br \/>\nPan Zbigniew Walery\u015b otrzyma\u0142 t\u0119 rol\u0119 dzi\u0119ki wsp\u00f3\u0142pracy z Agencj\u0105 Edwin Film i castingom realizowanym we Wroc\u0142awiu. Gratulujemy!<br \/>\n\u00a0<\/p>\n","protected":false},"excerpt":{"rendered":"<p>\u00a0 W sobot\u0119 , 14 wrze\u015bnia, w Gdyni zako\u0144czy\u0142 si\u0119 38. Festiwal Filmowy. Trwa\u0142 sze\u015b\u0107 dni a \u00a0ostatniego dnia w Teatrze Muzycznym rozdano nagrody dla najwybitniejszych tw\u00f3rc\u00f3w polskiego kina. Jedn\u0105 z nagr\u00f3d, za najlepsz\u0105 rol\u0119 drugoplanow\u0105 m\u0119sk\u0105 otrzyma\u0142 Zbigniew Walery\u015b, za rol\u0119 Dionizego Wajsa w filmie fabularnym &#8220;Papusza&#8221; w re\u017c.Joanny Kos Krauze i Krzysztofa Krauze. [&hellip;]<\/p>\n","protected":false},"author":4,"featured_media":147231,"comment_status":"closed","ping_status":"closed","sticky":false,"template":"","format":"standard","meta":[],"categories":[],"tags":[],"acf":[],"_links":{"self":[{"href":"https:\/\/casting.wroc.pl\/en\/wp-json\/wp\/v2\/posts\/162429"}],"collection":[{"href":"https:\/\/casting.wroc.pl\/en\/wp-json\/wp\/v2\/posts"}],"about":[{"href":"https:\/\/casting.wroc.pl\/en\/wp-json\/wp\/v2\/types\/post"}],"author":[{"embeddable":true,"href":"https:\/\/casting.wroc.pl\/en\/wp-json\/wp\/v2\/users\/4"}],"replies":[{"embeddable":true,"href":"https:\/\/casting.wroc.pl\/en\/wp-json\/wp\/v2\/comments?post=162429"}],"version-history":[{"count":0,"href":"https:\/\/casting.wroc.pl\/en\/wp-json\/wp\/v2\/posts\/162429\/revisions"}],"wp:featuredmedia":[{"embeddable":true,"href":"https:\/\/casting.wroc.pl\/en\/wp-json\/wp\/v2\/media\/147231"}],"wp:attachment":[{"href":"https:\/\/casting.wroc.pl\/en\/wp-json\/wp\/v2\/media?parent=162429"}],"wp:term":[{"taxonomy":"category","embeddable":true,"href":"https:\/\/casting.wroc.pl\/en\/wp-json\/wp\/v2\/categories?post=162429"},{"taxonomy":"post_tag","embeddable":true,"href":"https:\/\/casting.wroc.pl\/en\/wp-json\/wp\/v2\/tags?post=162429"}],"curies":[{"name":"wp","href":"https:\/\/api.w.org\/{rel}","templated":true}]}}